{"id":372,"date":"2013-01-09T20:09:15","date_gmt":"2013-01-09T20:09:15","guid":{"rendered":"http:\/\/www2.badesc.gov.br\/asbadesc\/?p=372"},"modified":"2013-01-09T20:09:15","modified_gmt":"2013-01-09T20:09:15","slug":"edital-de-convocacao","status":"publish","type":"post","link":"https:\/\/asbadesc.com.br\/?p=372","title":{"rendered":"EDITAL DE CONVOCA\u00c7\u00c3O"},"content":{"rendered":"<h2 align=\"center\">ASSEMBL\u00c9IA GERAL ORDIN\u00c1RIA<\/h2>\n<p>O Presidente da Associa\u00e7\u00e3o dos Servidores do BADESC \u2013 ASBADESC, no uso das atribui\u00e7\u00f5es que lhe s\u00e3o conferidas pelo Estatuto Social da Entidade, convoca os associados para Assembl\u00e9ia Geral Ordin\u00e1ria, a realizar-se no dia 16 de janeiro de 2013, na sede Social da ASBADESC, \u00e0s 19h00min\u00a0 em primeira convoca\u00e7\u00e3o com maioria dos associados ou, \u00e0s 19:30 horas, em segunda convoca\u00e7\u00e3o, com qualquer n\u00famero, para deliberar sobre o seguinte<\/p>\n<p><strong>ORDEM DO DIA<\/strong><\/p>\n<p>&#8211;\u00a0\u00a0\u00a0\u00a0\u00a0\u00a0\u00a0\u00a0\u00a0 Julgar a presta\u00e7\u00e3o de contas do exerc\u00edcio de 2012, atrav\u00e9s do parecer do Conselho Fiscal<\/p>\n<p>&#8211;\u00a0\u00a0\u00a0\u00a0\u00a0\u00a0\u00a0\u00a0\u00a0 Dar posse \u00e0 Diretoria e Conselho Fiscal, eleitos no dia \u00a017\/12\/2012<\/p>\n<p>&#8211; \u00a0 \u00a0 \u00a0 \u00a0 \u00a0Relat\u00f3rio Anual da Gest\u00e3o;<\/p>\n<p align=\"center\">Florian\u00f3polis, 03 de janeiro de 2013<\/p>\n<p>Raul Andr\u00e9 da Silva j\u00fanior<\/p>\n<p>Presidente<\/p>\n","protected":false},"excerpt":{"rendered":"<p>ASSEMBL\u00c9IA GERAL ORDIN\u00c1RIA O Presidente da Associa\u00e7\u00e3o dos Servidores do BADESC \u2013 ASBADESC, no uso das atribui\u00e7\u00f5es que lhe s\u00e3o conferidas pelo Estatuto Social da Entidade, convoca os associados para Assembl\u00e9ia Geral Ordin\u00e1ria, a realizar-se no dia 16 de janeiro &hellip; <a href=\"https:\/\/asbadesc.com.br\/?p=372\">Continuar lendo <span class=\"meta-nav\">&rarr;<\/span><\/a><\/p>\n","protected":false},"author":1,"featured_media":0,"comment_status":"open","ping_status":"open","sticky":false,"template":"","format":"standard","meta":{"ngg_post_thumbnail":0,"footnotes":""},"categories":[2],"tags":[],"class_list":["post-372","post","type-post","status-publish","format-standard","hentry","category-noticias"],"_links":{"self":[{"href":"https:\/\/asbadesc.com.br\/index.php?rest_route=\/wp\/v2\/posts\/372","targetHints":{"allow":["GET"]}}],"collection":[{"href":"https:\/\/asbadesc.com.br\/index.php?rest_route=\/wp\/v2\/posts"}],"about":[{"href":"https:\/\/asbadesc.com.br\/index.php?rest_route=\/wp\/v2\/types\/post"}],"author":[{"embeddable":true,"href":"https:\/\/asbadesc.com.br\/index.php?rest_route=\/wp\/v2\/users\/1"}],"replies":[{"embeddable":true,"href":"https:\/\/asbadesc.com.br\/index.php?rest_route=%2Fwp%2Fv2%2Fcomments&post=372"}],"version-history":[{"count":0,"href":"https:\/\/asbadesc.com.br\/index.php?rest_route=\/wp\/v2\/posts\/372\/revisions"}],"wp:attachment":[{"href":"https:\/\/asbadesc.com.br\/index.php?rest_route=%2Fwp%2Fv2%2Fmedia&parent=372"}],"wp:term":[{"taxonomy":"category","embeddable":true,"href":"https:\/\/asbadesc.com.br\/index.php?rest_route=%2Fwp%2Fv2%2Fcategories&post=372"},{"taxonomy":"post_tag","embeddable":true,"href":"https:\/\/asbadesc.com.br\/index.php?rest_route=%2Fwp%2Fv2%2Ftags&post=372"}],"curies":[{"name":"wp","href":"https:\/\/api.w.org\/{rel}","templated":true}]}}